{"id":398,"date":"2020-04-11T07:35:52","date_gmt":"2020-04-11T06:35:52","guid":{"rendered":"http:\/\/elliottfaure.com\/recettes\/?p=398"},"modified":"2020-04-23T20:23:41","modified_gmt":"2020-04-23T19:23:41","slug":"tartines-alsaciennes","status":"publish","type":"post","link":"https:\/\/elliottfaure.com\/recettes\/tartines-alsaciennes\/","title":{"rendered":"Tartines Alsaciennes"},"content":{"rendered":"\n<h3 class=\"wp-block-heading\">Ingr\u00e9dients<\/h3>\n\n\n\n<hr class=\"wp-block-separator\"\/>\n\n\n\n<ul><li>Pain de mie<\/li><li>Lardons fum\u00e9s<\/li><li>Cr\u00e8me fra\u00eeche<\/li><li>Oignons<\/li><li>Noix de muscade<\/li><li>Sel, poivre<\/li><li>Gruy\u00e8re rap\u00e9<\/li><\/ul>\n\n\n\n<h3 class=\"wp-block-heading\">Pr\u00e9paration<\/h3>\n\n\n\n<hr class=\"wp-block-separator\"\/>\n\n\n\n<p>Tartiner les tranches de pain de mie avec la cr\u00e8me fra\u00eeche. Assaisonner.<br>Ajouter les lardons, les oignons, et le gruy\u00e8re.<br>Mettre le tout au four pendant 5 minutes \u00e0 180\u00b0C.<\/p>\n\n\n\n<h3 class=\"wp-block-heading\">D\u00e9gustation<\/h3>\n\n\n\n<hr class=\"wp-block-separator\"\/>\n\n\n\n<p>Accompagner les tartines avec une salade.<\/p>\n","protected":false},"excerpt":{"rendered":"<p>Ingr\u00e9dients Pain de mie Lardons fum\u00e9s Cr\u00e8me fra\u00eeche Oignons Noix de muscade Sel, poivre Gruy\u00e8re rap\u00e9 Pr\u00e9paration Tartiner les tranches de pain de mie avec la cr\u00e8me fra\u00eeche. Assaisonner.Ajouter les lardons, les oignons, et le gruy\u00e8re.Mettre le tout au four pendant 5 minutes \u00e0 180\u00b0C. D\u00e9gustation Accompagner les tartines avec une salade.<\/p>\n","protected":false},"author":1,"featured_media":559,"comment_status":"closed","ping_status":"open","sticky":false,"template":"","format":"standard","meta":{"footnotes":""},"categories":[16,20],"tags":[],"_links":{"self":[{"href":"https:\/\/elliottfaure.com\/recettes\/wp-json\/wp\/v2\/posts\/398"}],"collection":[{"href":"https:\/\/elliottfaure.com\/recettes\/wp-json\/wp\/v2\/posts"}],"about":[{"href":"https:\/\/elliottfaure.com\/recettes\/wp-json\/wp\/v2\/types\/post"}],"author":[{"embeddable":true,"href":"https:\/\/elliottfaure.com\/recettes\/wp-json\/wp\/v2\/users\/1"}],"replies":[{"embeddable":true,"href":"https:\/\/elliottfaure.com\/recettes\/wp-json\/wp\/v2\/comments?post=398"}],"version-history":[{"count":1,"href":"https:\/\/elliottfaure.com\/recettes\/wp-json\/wp\/v2\/posts\/398\/revisions"}],"predecessor-version":[{"id":399,"href":"https:\/\/elliottfaure.com\/recettes\/wp-json\/wp\/v2\/posts\/398\/revisions\/399"}],"wp:featuredmedia":[{"embeddable":true,"href":"https:\/\/elliottfaure.com\/recettes\/wp-json\/wp\/v2\/media\/559"}],"wp:attachment":[{"href":"https:\/\/elliottfaure.com\/recettes\/wp-json\/wp\/v2\/media?parent=398"}],"wp:term":[{"taxonomy":"category","embeddable":true,"href":"https:\/\/elliottfaure.com\/recettes\/wp-json\/wp\/v2\/categories?post=398"},{"taxonomy":"post_tag","embeddable":true,"href":"https:\/\/elliottfaure.com\/recettes\/wp-json\/wp\/v2\/tags?post=398"}],"curies":[{"name":"wp","href":"https:\/\/api.w.org\/{rel}","templated":true}]}}